{"id":1917,"date":"2018-10-18T13:41:59","date_gmt":"2018-10-18T11:41:59","guid":{"rendered":"http:\/\/esenkonatural.com\/?p=1917"},"modified":"2019-01-31T09:23:40","modified_gmt":"2019-01-31T08:23:40","slug":"jabon-de-carbon-activado","status":"publish","type":"post","link":"https:\/\/esenkonatural.com\/?p=1917","title":{"rendered":"JAB\u00d3N DE CARB\u00d3N ACTIVADO"},"content":{"rendered":"\n<!-- wpsso schema image for pinterest pin it button -->\n<div class=\"wpsso-schema-image-for-pinterest\" style=\"display:none;\">\n<img src=\"https:\/\/esenkonatural.com\/wp-content\/uploads\/2018\/10\/10-jabon-negro-de-carbon-y-Tamanu-800x614.jpg\" width=\"0\" height=\"0\" style=\"width:0;height:0;\" data-pin-description=\"Piel limpia y fresca. El jab&oacute;n facial de carb&oacute;n se ha puesto de moda &uacute;ltimamente y no es de extra&ntilde;ar por las fant&aacute;sticas propiedades de belleza que tiene. El carb&oacute;n se adhiere a las impurezas y los aceites que contiene la pastilla las arrastra...\" alt=\"\"\/>\n<\/div><!-- .wpsso-schema-image-for-pinterest -->\n\n<h1>Piel limpia y fresca.<\/h1>\n<p>El jab\u00f3n facial de carb\u00f3n se ha puesto de moda \u00faltimamente y no es de extra\u00f1ar por las fant\u00e1sticas propiedades de belleza que tiene. El carb\u00f3n se adhiere a las impurezas y los aceites que contiene la pastilla las arrastra, dejando la piel limpia y fresca.<\/p>\n<p>Este de la foto est\u00e1 realizado con <strong>aceites v\u00edrgenes de Oliva, Coco y Tamanu o Cal\u00f3filo, Manteca de Karit\u00e9 y Carb\u00f3n activado 100% natural<\/strong>, derivado de la c\u00e1scara del coco y que le da ese color oscuro y brillante. Produce una espuma ligeramente gris, aunque ni ti\u00f1e ni mancha la piel o las toallas.<\/p>\n<p>Para esta receta hemos elegido los <strong>aceites esenciales de \u00e1rbol de t\u00e9 y enebro<\/strong>, por su funci\u00f3n bactericida, astringente y refrescante, aport\u00e1ndole adem\u00e1s un especial aroma terroso. El aceite vegetal de Tamanu o Cal\u00f3filo es un gran aceite hidratante y cicatrizante.<\/p>\n<p>Gracias a propiedades de absorci\u00f3n que brindan los aceites con los que est\u00e1 elaborado, este jab\u00f3n est\u00e1 especialmente recomendado para las pieles grasas y mixtas. Y aunque es ligeramente astringente, no reseca la piel ya que este jab\u00f3n lleva un alto porcentaje de sobreengrasado. Es muy suave, cremoso y fresco.<\/p>\n<p>Te encantar\u00e1 para la limpieza facial diaria.<\/p>\n","protected":false},"excerpt":{"rendered":"<p>Piel limpia y fresca. El jab\u00f3n facial de carb\u00f3n se ha puesto de moda \u00faltimamente y no es&hellip;<\/p>\n","protected":false},"author":1,"featured_media":1918,"comment_status":"open","ping_status":"open","sticky":false,"template":"","format":"standard","meta":[],"categories":[2,46],"tags":[],"_links":{"self":[{"href":"https:\/\/esenkonatural.com\/index.php?rest_route=\/wp\/v2\/posts\/1917"}],"collection":[{"href":"https:\/\/esenkonatural.com\/index.php?rest_route=\/wp\/v2\/posts"}],"about":[{"href":"https:\/\/esenkonatural.com\/index.php?rest_route=\/wp\/v2\/types\/post"}],"author":[{"embeddable":true,"href":"https:\/\/esenkonatural.com\/index.php?rest_route=\/wp\/v2\/users\/1"}],"replies":[{"embeddable":true,"href":"https:\/\/esenkonatural.com\/index.php?rest_route=%2Fwp%2Fv2%2Fcomments&post=1917"}],"version-history":[{"count":3,"href":"https:\/\/esenkonatural.com\/index.php?rest_route=\/wp\/v2\/posts\/1917\/revisions"}],"predecessor-version":[{"id":1996,"href":"https:\/\/esenkonatural.com\/index.php?rest_route=\/wp\/v2\/posts\/1917\/revisions\/1996"}],"wp:featuredmedia":[{"embeddable":true,"href":"https:\/\/esenkonatural.com\/index.php?rest_route=\/wp\/v2\/media\/1918"}],"wp:attachment":[{"href":"https:\/\/esenkonatural.com\/index.php?rest_route=%2Fwp%2Fv2%2Fmedia&parent=1917"}],"wp:term":[{"taxonomy":"category","embeddable":true,"href":"https:\/\/esenkonatural.com\/index.php?rest_route=%2Fwp%2Fv2%2Fcategories&post=1917"},{"taxonomy":"post_tag","embeddable":true,"href":"https:\/\/esenkonatural.com\/index.php?rest_route=%2Fwp%2Fv2%2Ftags&post=1917"}],"curies":[{"name":"wp","href":"https:\/\/api.w.org\/{rel}","templated":true}]}}