{"id":1863,"date":"2018-07-18T20:16:36","date_gmt":"2018-07-18T18:16:36","guid":{"rendered":"http:\/\/esenkonatural.com\/?p=1863"},"modified":"2019-01-31T09:18:18","modified_gmt":"2019-01-31T08:18:18","slug":"crema-reafirmante-facial","status":"publish","type":"post","link":"https:\/\/esenkonatural.com\/?p=1863","title":{"rendered":"CREMA REAFIRMANTE FACIAL"},"content":{"rendered":"\n<!-- wpsso schema image for pinterest pin it button -->\n<div class=\"wpsso-schema-image-for-pinterest\" style=\"display:none;\">\n<img src=\"https:\/\/esenkonatural.com\/wp-content\/uploads\/2018\/07\/03-crema-facial-reafirmante-800x599.jpg\" width=\"0\" height=\"0\" style=\"width:0;height:0;\" data-pin-description=\"Combinado de firmeza y belleza. La crema facial suele ser el pan de cada d&iacute;a de la mayor&iacute;a de las pieles. Despu&eacute;s la limpieza diaria, la piel suele reclamar una ayuda de hidrataci&oacute;n y elasticidad y en muchas ocasiones, vendr&iacute;a muy bien incluir un...\" alt=\"\"\/>\n<\/div><!-- .wpsso-schema-image-for-pinterest -->\n\n<h1>Combinado de firmeza y belleza.<\/h1>\n<p>La crema facial suele ser el pan de cada d\u00eda de la mayor\u00eda de las pieles. Despu\u00e9s la limpieza diaria, la piel suele reclamar una ayuda de hidrataci\u00f3n y elasticidad y en muchas ocasiones, vendr\u00eda muy bien incluir un aporte de firmeza y es aqu\u00ed donde nos hemos enfocado al crear esta crema facial. En la tonificaci\u00f3n.<\/p>\n<p>Esta lujosa crema fortalece la piel hidrat\u00e1ndola de forma duradera y aport\u00e1ndole una tersura renovada. Contiene un valioso complejo de sustancias activas antiage, reafirmantes y alisadoras que la convierten en el c\u00f3ctel perfecto de firmeza y confort de larga duraci\u00f3n.<\/p>\n<p>Est\u00e1 realizada con <strong>hidrolatos puros de jara y rosa damascena, aceites v\u00edrgenes BIO de frambuesa, onagra, macadamia y cal\u00e9ndula<\/strong>, todos ellos de gran poder nutritivo y reafirmante y valiosos activos de <strong>centella asi\u00e1tica, kigelia africana y alga kombu<\/strong> muy reconocidos por ser alisadores y reafirmantes. Tampoco pueden faltar el<strong> \u00e1cido hialur\u00f3nico, el col\u00e1geno vegetal y la coenzima Q10<\/strong> para promover nuevas c\u00e9lulas y proteger a la piel frente al desecamiento.<\/p>\n<p>Para redondear la formula hemos combinado los finos <strong>aceites esenciales de cistus jara y palo de rosa<\/strong> con extraordinario poder antiarrugas y regenerador de la piel.<\/p>\n<p>Dan ganas de com\u00e9rsela.<\/p>\n","protected":false},"excerpt":{"rendered":"<p>Combinado de firmeza y belleza. La crema facial suele ser el pan de cada d\u00eda de la mayor\u00eda&hellip;<\/p>\n","protected":false},"author":1,"featured_media":1864,"comment_status":"open","ping_status":"open","sticky":false,"template":"","format":"standard","meta":[],"categories":[2,6],"tags":[],"_links":{"self":[{"href":"https:\/\/esenkonatural.com\/index.php?rest_route=\/wp\/v2\/posts\/1863"}],"collection":[{"href":"https:\/\/esenkonatural.com\/index.php?rest_route=\/wp\/v2\/posts"}],"about":[{"href":"https:\/\/esenkonatural.com\/index.php?rest_route=\/wp\/v2\/types\/post"}],"author":[{"embeddable":true,"href":"https:\/\/esenkonatural.com\/index.php?rest_route=\/wp\/v2\/users\/1"}],"replies":[{"embeddable":true,"href":"https:\/\/esenkonatural.com\/index.php?rest_route=%2Fwp%2Fv2%2Fcomments&post=1863"}],"version-history":[{"count":3,"href":"https:\/\/esenkonatural.com\/index.php?rest_route=\/wp\/v2\/posts\/1863\/revisions"}],"predecessor-version":[{"id":1993,"href":"https:\/\/esenkonatural.com\/index.php?rest_route=\/wp\/v2\/posts\/1863\/revisions\/1993"}],"wp:featuredmedia":[{"embeddable":true,"href":"https:\/\/esenkonatural.com\/index.php?rest_route=\/wp\/v2\/media\/1864"}],"wp:attachment":[{"href":"https:\/\/esenkonatural.com\/index.php?rest_route=%2Fwp%2Fv2%2Fmedia&parent=1863"}],"wp:term":[{"taxonomy":"category","embeddable":true,"href":"https:\/\/esenkonatural.com\/index.php?rest_route=%2Fwp%2Fv2%2Fcategories&post=1863"},{"taxonomy":"post_tag","embeddable":true,"href":"https:\/\/esenkonatural.com\/index.php?rest_route=%2Fwp%2Fv2%2Ftags&post=1863"}],"curies":[{"name":"wp","href":"https:\/\/api.w.org\/{rel}","templated":true}]}}