{"id":1851,"date":"2018-07-18T19:17:42","date_gmt":"2018-07-18T17:17:42","guid":{"rendered":"http:\/\/esenkonatural.com\/?p=1851"},"modified":"2019-03-08T14:47:49","modified_gmt":"2019-03-08T13:47:49","slug":"vela-de-aromaterapia-incienso-pomelo","status":"publish","type":"post","link":"https:\/\/esenkonatural.com\/?p=1851","title":{"rendered":"VELA DE INCIENSO &#038; POMELO"},"content":{"rendered":"\n<!-- wpsso schema image for pinterest pin it button -->\n<div class=\"wpsso-schema-image-for-pinterest\" style=\"display:none;\">\n<img src=\"https:\/\/esenkonatural.com\/wp-content\/uploads\/2018\/07\/20-vela-de-incienso-y-pomelo-800x600.jpg\" width=\"0\" height=\"0\" style=\"width:0;height:0;\" data-pin-description=\"C&aacute;lida y envolvente. Adem&aacute;s de ser decorativas por s&iacute; mismas y de contribuir a crear una atm&oacute;sfera c&aacute;lida y envolvente, las velas naturales nos pueden ayudar a mejorar nuestro equilibrio emocional a trav&eacute;s de las propiedades de sus aceites...\" alt=\"\"\/>\n<\/div><!-- .wpsso-schema-image-for-pinterest -->\n\n<h1>C\u00e1lida y envolvente.<\/h1>\n<p>Adem\u00e1s de ser decorativas por s\u00ed mismas y de contribuir a crear una atm\u00f3sfera c\u00e1lida y envolvente, las velas naturales nos pueden ayudar a mejorar nuestro equilibrio emocional a trav\u00e9s de las propiedades de sus aceites esenciales.<\/p>\n<p>Esta vela natural a base de<strong> cera 100% vegetal de soja<\/strong>, cultivada sin manipulaci\u00f3n gen\u00e9tica y una combinaci\u00f3n de<strong> esencias<\/strong> c\u00edtricas como el <strong>lim\u00f3n, el pomelo, la naranja<\/strong>\u2026 y <strong>aceites esenciales<\/strong> con aroma c\u00e1lido y profundo como el <strong>s\u00e1ndalo, madera de cedro o incienso<\/strong>, es una maravilla para relajar la mente e inducirnos a un estado de paz interior que nos invita a la meditaci\u00f3n.<\/p>\n<p>Adem\u00e1s, como esta cera se funde a baja temperatura y no quema la piel, puedes incluso verter un poco de la cera ya derretida en la palma de la mano y \u201cuntarte\u201d las zonas del cuerpo que deseas perfumar. La cera de soja es adem\u00e1s nutritiva y emoliente.<\/p>\n","protected":false},"excerpt":{"rendered":"<p>C\u00e1lida y envolvente. Adem\u00e1s de ser decorativas por s\u00ed mismas y de contribuir a crear una atm\u00f3sfera c\u00e1lida&hellip;<\/p>\n","protected":false},"author":1,"featured_media":1852,"comment_status":"open","ping_status":"open","sticky":false,"template":"","format":"standard","meta":[],"categories":[2,49],"tags":[],"_links":{"self":[{"href":"https:\/\/esenkonatural.com\/index.php?rest_route=\/wp\/v2\/posts\/1851"}],"collection":[{"href":"https:\/\/esenkonatural.com\/index.php?rest_route=\/wp\/v2\/posts"}],"about":[{"href":"https:\/\/esenkonatural.com\/index.php?rest_route=\/wp\/v2\/types\/post"}],"author":[{"embeddable":true,"href":"https:\/\/esenkonatural.com\/index.php?rest_route=\/wp\/v2\/users\/1"}],"replies":[{"embeddable":true,"href":"https:\/\/esenkonatural.com\/index.php?rest_route=%2Fwp%2Fv2%2Fcomments&post=1851"}],"version-history":[{"count":4,"href":"https:\/\/esenkonatural.com\/index.php?rest_route=\/wp\/v2\/posts\/1851\/revisions"}],"predecessor-version":[{"id":2019,"href":"https:\/\/esenkonatural.com\/index.php?rest_route=\/wp\/v2\/posts\/1851\/revisions\/2019"}],"wp:featuredmedia":[{"embeddable":true,"href":"https:\/\/esenkonatural.com\/index.php?rest_route=\/wp\/v2\/media\/1852"}],"wp:attachment":[{"href":"https:\/\/esenkonatural.com\/index.php?rest_route=%2Fwp%2Fv2%2Fmedia&parent=1851"}],"wp:term":[{"taxonomy":"category","embeddable":true,"href":"https:\/\/esenkonatural.com\/index.php?rest_route=%2Fwp%2Fv2%2Fcategories&post=1851"},{"taxonomy":"post_tag","embeddable":true,"href":"https:\/\/esenkonatural.com\/index.php?rest_route=%2Fwp%2Fv2%2Ftags&post=1851"}],"curies":[{"name":"wp","href":"https:\/\/api.w.org\/{rel}","templated":true}]}}