{"id":1750,"date":"2018-07-16T20:27:40","date_gmt":"2018-07-16T18:27:40","guid":{"rendered":"http:\/\/esenkonatural.com\/?p=1750"},"modified":"2019-01-30T22:18:36","modified_gmt":"2019-01-30T21:18:36","slug":"serum-facial-noche-con-vitamina-c-y-q10","status":"publish","type":"post","link":"https:\/\/esenkonatural.com\/?p=1750","title":{"rendered":"SERUM DE NOCHE CON VITAMINA C &#038; Q10"},"content":{"rendered":"\n<!-- wpsso schema image for pinterest pin it button -->\n<div class=\"wpsso-schema-image-for-pinterest\" style=\"display:none;\">\n<img src=\"https:\/\/esenkonatural.com\/wp-content\/uploads\/2018\/07\/01-Serum-de-noche-VitC-Y-Q10-800x509.jpg\" width=\"0\" height=\"0\" style=\"width:0;height:0;\" data-pin-description=\"Un n&eacute;ctar de lujo para tu rostro. &iquest;Por qu&eacute; est&aacute;n de moda los serums? Porque en general suelen tener m&aacute;s principios activos que las cremas, porque act&uacute;an en las capas m&aacute;s profundas de la piel y porque sus efectos son visibles a los pocos d&iacute;as...\" alt=\"\"\/>\n<\/div><!-- .wpsso-schema-image-for-pinterest -->\n\n<h1>Un n\u00e9ctar de lujo para tu rostro.<\/h1>\n<p>\u00bfPor qu\u00e9 est\u00e1n de moda los serums?<\/p>\n<p>Porque en general suelen tener m\u00e1s principios activos que las cremas, porque act\u00faan en las capas m\u00e1s profundas de la piel y porque sus efectos son visibles a los pocos d\u00edas.<\/p>\n<p>Este combinado est\u00e1 elaborado con aut\u00e9nticas joyas vegetales de gran poder nutriente, exfoliante y regenerador como son los<strong> aceites v\u00edrgenes y biol\u00f3gicos de primera extracci\u00f3n de rosa mosqueta, onagra, arg\u00e1n, germen de trigo, c\u00e1rtamo, camelina, grosella y granada<\/strong>.<\/p>\n<p>Lleva una considerable dosis de <strong>vitamina C estabilizada<\/strong>, un poderoso antioxidante que unifica la tez atenuando las manchas. Tambi\u00e9n contiene <strong>Coenzima Q10<\/strong>, otro gran antioxidante que ayuda a retrasar las arrugas, mientras protege la piel de su oxidaci\u00f3n por la exposici\u00f3n al sol. Tambi\u00e9n contiene <strong>extractos de cola de caballo y vid roja<\/strong> con virtudes circulatorias, antioxidantes y reafirmantes.<\/p>\n<p>Incluye una sinergia de <strong>aceites esenciales puros<\/strong> para aclarar, iluminar el rostro e ir atenuando progresivamente las manchas y peque\u00f1as marcas. Estos poderosos aceites ejercen una acci\u00f3n reafirmante, antiarrugas y regeneradora de la piel.<\/p>\n<p>Adem\u00e1s, las mol\u00e9culas arom\u00e1ticas que desprenden estos aceites esenciales inciden en tu estado de \u00e1nimo y te ayudar\u00e1n a dormir mejor.<\/p>\n<p>En resumidas cuentas: Un \u201cimprescindible\u201d en las noches.<\/p>\n","protected":false},"excerpt":{"rendered":"<p>Un n\u00e9ctar de lujo para tu rostro. \u00bfPor qu\u00e9 est\u00e1n de moda los serums? Porque en general suelen&hellip;<\/p>\n","protected":false},"author":1,"featured_media":1976,"comment_status":"open","ping_status":"open","sticky":false,"template":"","format":"standard","meta":[],"categories":[2,6],"tags":[],"_links":{"self":[{"href":"https:\/\/esenkonatural.com\/index.php?rest_route=\/wp\/v2\/posts\/1750"}],"collection":[{"href":"https:\/\/esenkonatural.com\/index.php?rest_route=\/wp\/v2\/posts"}],"about":[{"href":"https:\/\/esenkonatural.com\/index.php?rest_route=\/wp\/v2\/types\/post"}],"author":[{"embeddable":true,"href":"https:\/\/esenkonatural.com\/index.php?rest_route=\/wp\/v2\/users\/1"}],"replies":[{"embeddable":true,"href":"https:\/\/esenkonatural.com\/index.php?rest_route=%2Fwp%2Fv2%2Fcomments&post=1750"}],"version-history":[{"count":5,"href":"https:\/\/esenkonatural.com\/index.php?rest_route=\/wp\/v2\/posts\/1750\/revisions"}],"predecessor-version":[{"id":1977,"href":"https:\/\/esenkonatural.com\/index.php?rest_route=\/wp\/v2\/posts\/1750\/revisions\/1977"}],"wp:featuredmedia":[{"embeddable":true,"href":"https:\/\/esenkonatural.com\/index.php?rest_route=\/wp\/v2\/media\/1976"}],"wp:attachment":[{"href":"https:\/\/esenkonatural.com\/index.php?rest_route=%2Fwp%2Fv2%2Fmedia&parent=1750"}],"wp:term":[{"taxonomy":"category","embeddable":true,"href":"https:\/\/esenkonatural.com\/index.php?rest_route=%2Fwp%2Fv2%2Fcategories&post=1750"},{"taxonomy":"post_tag","embeddable":true,"href":"https:\/\/esenkonatural.com\/index.php?rest_route=%2Fwp%2Fv2%2Ftags&post=1750"}],"curies":[{"name":"wp","href":"https:\/\/api.w.org\/{rel}","templated":true}]}}